{"id":2232,"date":"2024-04-18T20:25:24","date_gmt":"2024-04-18T18:25:24","guid":{"rendered":"https:\/\/carat-properties-com-stage.jupiter.cdigital.fr\/i-principali-progetti-immobiliari-a-monaco"},"modified":"2024-04-22T12:58:34","modified_gmt":"2024-04-22T10:58:34","slug":"i-principali-progetti-immobiliari-a-monaco","status":"publish","type":"post","link":"https:\/\/www.carat-properties.com\/it\/i-principali-progetti-immobiliari-a-monaco","title":{"rendered":"I principali progetti immobiliari a Monaco"},"content":{"rendered":"\n<p>Emblema del lusso residenziale a Monaco, la &#8220;Tour Od\u00e9on&#8221; si erge maestosa con i suoi 170 metri di altezza, essendo uno degli edifici pi\u00f9 alti d&#8217;Europa. Nata dalla filosofia visionaria di Marzocco Group, Developper, Alexandre Giraldi, Architetto e Alberto Pinto, Designer, la Torre Odeon porta il residenziale a un livello di lusso mai raggiunto finora nel Principato.&#13;\nProgettata con maestria, costruita con cura e che trasuda eleganza contemporanea, la Odeon Tower offre viste cinematografiche sul Mediterraneo, grazie alla sua struttura in vetro. Gli appartamenti sono arredati con materiali nobili e tecnologie all&#8217;avanguardia, tutti i dettagli sono stati curati per combinare eleganza e comfort.<\/p>\n\n<p>L&#8217;Odeon Tower dispone di un Business Center per i residenti e anche di una splendida Sysley SPA, oltre ai servizi di portineria, al servizio di valet parking e al navette bus.&#13;\nL&#8217;esclusivo attico di 3300 mq si sviluppa in un&#8217;audace forma geometrica. Dispiegato su 5 livelli abitativi, presenta diverse sale di ricevimento e suite che beneficiano di una superba piscina.<\/p>\n\n<div class=\"wp-block-columns is-layout-flex wp-container-core-columns-is-layout-9d6595d7 wp-block-columns-is-layout-flex\">\n<div class=\"wp-block-column is-layout-flow wp-block-column-is-layout-flow\" style=\"flex-basis:100%\">\n<div class=\"wp-block-media-text is-stacked-on-mobile img-fluid has-background\" style=\"background-color:#e8cbb6;grid-template-columns:55% auto\"><figure class=\"wp-block-media-text__media\"><img loading=\"lazy\" decoding=\"async\" width=\"250\" height=\"333\" src=\"https:\/\/www.carat-properties.com\/wp-content\/uploads\/2024\/04\/tour-odeon-250x333.jpg\" alt=\"La Torre Odeon\" class=\"wp-image-2077 size-full\" srcset=\"https:\/\/www.carat-properties.com\/wp-content\/uploads\/2024\/04\/tour-odeon-250x333.jpg 250w, https:\/\/www.carat-properties.com\/wp-content\/uploads\/2024\/04\/tour-odeon-120x160.jpg 120w, https:\/\/www.carat-properties.com\/wp-content\/uploads\/2024\/04\/tour-odeon.jpg 726w\" sizes=\"auto, (max-width: 250px) 100vw, 250px\" \/><\/figure><div class=\"wp-block-media-text__content\">\n<p class=\"has-text-align-center has-medium-font-size\">La Torre Odeon<\/p>\n\n\n\n<p class=\"has-text-align-center has-medium-font-size\">Lusso e modernit\u00e0 allo stato puro<\/p>\n\n\n\n<p class=\"has-text-align-center has-medium-font-size\">Un edificio prestigioso con servizi di alta classe: SPA, Ristorante, Servizio parcheggio, Business Center, Concierge 24\/24<\/p>\n<\/div><\/div>\n<\/div>\n<\/div>\n\n<figure class=\"wp-block-image size-large\"><img loading=\"lazy\" decoding=\"async\" width=\"860\" height=\"645\" src=\"https:\/\/www.carat-properties.com\/wp-content\/uploads\/2024\/04\/Tour-odeon-2-860x645.jpg\" alt=\"\" class=\"wp-image-2093\" srcset=\"https:\/\/www.carat-properties.com\/wp-content\/uploads\/2024\/04\/Tour-odeon-2-860x645.jpg 860w, https:\/\/www.carat-properties.com\/wp-content\/uploads\/2024\/04\/Tour-odeon-2-250x188.jpg 250w, https:\/\/www.carat-properties.com\/wp-content\/uploads\/2024\/04\/Tour-odeon-2-768x576.jpg 768w, https:\/\/www.carat-properties.com\/wp-content\/uploads\/2024\/04\/Tour-odeon-2-120x90.jpg 120w, https:\/\/www.carat-properties.com\/wp-content\/uploads\/2024\/04\/Tour-odeon-2.jpg 1386w\" sizes=\"auto, (max-width: 860px) 100vw, 860px\" \/><\/figure>\n\n<p><\/p>\n\n<p>Attualmente, il Gruppo Marzocco sta costruendo un enorme complesso di prestigio con 2 torri &#8220;Testimonio 1&#8221; e &#8220;Testimonio II&#8221;, che comprende la residenza di lusso &#8220;Bay House&#8221; con 54 straordinari appartamenti e ville. Il complesso Bay House offrir\u00e0 ai residenti un alto livello di lusso. Gli appartamenti, da 3 a 6 camere da letto con finestre dal pavimento al soffitto, si affacceranno sul Mediterraneo e offriranno le migliori viste del Principato. <\/p>\n\n<p>Ogni villa ha una terrazza sul tetto e una piscina privata. Sono stati utilizzati marmi pregiati, finiture di alto livello in tutto l&#8217;appartamento e ultime tecnologie. Tutte le finiture e i materiali sono della migliore qualit\u00e0 e sono stati prodotti e montati secondo i pi\u00f9 alti livelli di artigianalit\u00e0. Con una superficie di oltre 500 mq, la gamma di servizi e comfort della Bay House sar\u00e0 unica in un edificio privato di Monaco. La lussuosa SPA offrir\u00e0 sale massaggi, sauna, parrucchiere e salone di bellezza, oltre a zone relax. La sala fitness sar\u00e0 dotata delle pi\u00f9 recenti attrezzature tecnologiche.<\/p>\n\n<figure class=\"wp-block-image size-full\"><img loading=\"lazy\" decoding=\"async\" width=\"605\" height=\"454\" src=\"https:\/\/www.carat-properties.com\/wp-content\/uploads\/2024\/04\/port-hercule.jpg\" alt=\"Il Porto Hercule\" class=\"wp-image-2098\" srcset=\"https:\/\/www.carat-properties.com\/wp-content\/uploads\/2024\/04\/port-hercule.jpg 605w, https:\/\/www.carat-properties.com\/wp-content\/uploads\/2024\/04\/port-hercule-250x188.jpg 250w, https:\/\/www.carat-properties.com\/wp-content\/uploads\/2024\/04\/port-hercule-120x90.jpg 120w\" sizes=\"auto, (max-width: 605px) 100vw, 605px\" \/><figcaption class=\"wp-element-caption\"><em>Il Porto Hercule<\/em><\/figcaption><\/figure>\n\n<p>Per sfidare i limiti del suo territorio, il progetto di &#8220;Extension en mer&#8221; Mareterra sta emergendo dal mare, giorno dopo giorno. La consegna \u00e8 prevista per il 2025.<\/p>\n\n<figure class=\"wp-block-image size-large\"><img loading=\"lazy\" decoding=\"async\" width=\"860\" height=\"321\" src=\"https:\/\/www.carat-properties.com\/wp-content\/uploads\/2024\/04\/mereterra-860x321.jpg\" alt=\"\" class=\"wp-image-2101\" srcset=\"https:\/\/www.carat-properties.com\/wp-content\/uploads\/2024\/04\/mereterra-860x321.jpg 860w, https:\/\/www.carat-properties.com\/wp-content\/uploads\/2024\/04\/mereterra-250x93.jpg 250w, https:\/\/www.carat-properties.com\/wp-content\/uploads\/2024\/04\/mereterra-768x286.jpg 768w, https:\/\/www.carat-properties.com\/wp-content\/uploads\/2024\/04\/mereterra-120x45.jpg 120w, https:\/\/www.carat-properties.com\/wp-content\/uploads\/2024\/04\/mereterra.jpg 1384w\" sizes=\"auto, (max-width: 860px) 100vw, 860px\" \/><\/figure>\n\n<p>Negli ultimi anni sono stati costruiti altri edifici residenziali di alta qualit\u00e0, come la Petite Afrique, Le Stella, le 26 Carr\u00e9 d&#8217;Or, il Mona Residence Le Palais de la Plage, per rispondere alla crescente richiesta di una clientela internazionale, alla ricerca di luoghi di vita esclusivi, per insediare la propria famiglia o i propri affari, pienamente consapevole del fatto che Monaco beneficia di un alto livello di sicurezza e di un sistema fiscale conveniente. Inoltre, Monaco ha la pi\u00f9 alta densit\u00e0 di appartamenti di lusso al mondo.<\/p>\n\n<div class=\"wp-block-media-text is-stacked-on-mobile has-background\" style=\"background-color:#e8cbb6\"><figure class=\"wp-block-media-text__media\"><img loading=\"lazy\" decoding=\"async\" width=\"350\" height=\"467\" src=\"https:\/\/www.carat-properties.com\/wp-content\/uploads\/2024\/04\/palais-de-la-plage.jpg\" alt=\"\" class=\"wp-image-2104 size-full\" srcset=\"https:\/\/www.carat-properties.com\/wp-content\/uploads\/2024\/04\/palais-de-la-plage.jpg 350w, https:\/\/www.carat-properties.com\/wp-content\/uploads\/2024\/04\/palais-de-la-plage-250x334.jpg 250w, https:\/\/www.carat-properties.com\/wp-content\/uploads\/2024\/04\/palais-de-la-plage-120x160.jpg 120w\" sizes=\"auto, (max-width: 350px) 100vw, 350px\" \/><\/figure><div class=\"wp-block-media-text__content\">\n<p class=\"has-text-align-center has-large-font-size\"><em><strong>Il Palazzo della Spiaggia<\/strong><\/em><\/p>\n\n\n\n<div class=\"wp-block-group is-vertical is-layout-flex wp-container-core-group-is-layout-8cf370e7 wp-block-group-is-layout-flex\">\n<p class=\"has-text-align-center\">Una delle ultime costruzioni sul Larvotto.<\/p>\n\n\n\n<p class=\"has-text-align-center\">Un edificio di lusso con ampie terrazze affacciate sul mare<\/p>\n<\/div>\n<\/div><\/div>\n\n<p><\/p>\n\n<p>Il mondo intero conosce il clima piacevole della Costa Azzurra con 300 giorni di sole all&#8217;anno, la bellezza delle spiagge, delle Alpi e delle stazioni di sport invernali a due passi dal mare, le citt\u00e0 mitiche come Cannes, la vita glamour di Saint Tropez, gli alberghi leggendari come l&#8217;H\u00f4tel du Cap a Cap D&#8217;Antibes, i ristoranti stellati Michelin gestiti da nomi prestigiosi come Alain Ducasse, Franck Cerutti, Mauro Colagreco e altri, l&#8217;Automobile Club con il Gran Premio di Formula 1, il magnifico campo da golf a 18 buche arroccato a 900 metri di altezza, ma Monaco ha molto altro da offrire. <\/p>\n\n<div class=\"wp-block-media-text is-stacked-on-mobile has-background\" style=\"background-color:#e8cbb6\"><figure class=\"wp-block-media-text__media\"><img loading=\"lazy\" decoding=\"async\" width=\"848\" height=\"1131\" src=\"https:\/\/www.carat-properties.com\/wp-content\/uploads\/2024\/04\/hotel-particulier.jpg\" alt=\"\" class=\"wp-image-2109 size-full\" srcset=\"https:\/\/www.carat-properties.com\/wp-content\/uploads\/2024\/04\/hotel-particulier.jpg 848w, https:\/\/www.carat-properties.com\/wp-content\/uploads\/2024\/04\/hotel-particulier-250x333.jpg 250w, https:\/\/www.carat-properties.com\/wp-content\/uploads\/2024\/04\/hotel-particulier-768x1024.jpg 768w, https:\/\/www.carat-properties.com\/wp-content\/uploads\/2024\/04\/hotel-particulier-120x160.jpg 120w\" sizes=\"auto, (max-width: 848px) 100vw, 848px\" \/><\/figure><div class=\"wp-block-media-text__content\">\n<p><\/p>\n\n\n\n<p class=\"has-text-align-center has-large-font-size\"><strong>Monaco &#8211; Un&#8217;offerta contrastata in termini di architettura<\/strong><\/p>\n\n\n\n<p class=\"has-text-align-center\"><strong>Gli Hotel Particuliers, risalenti all&#8217;ultima parte del XIX secolo, sono affiancati da edifici in stile ultra contemporaneo.<\/strong><\/p>\n<\/div><\/div>\n","protected":false},"excerpt":{"rendered":"<p>5 ambiziosi progetti immobiliari nel Principato.<\/p>\n","protected":false},"author":1,"featured_media":2106,"comment_status":"open","ping_status":"open","sticky":false,"template":"","format":"standard","meta":{"_acf_changed":false,"footnotes":""},"categories":[364],"tags":[],"class_list":["post-2232","post","type-post","status-publish","format-standard","has-post-thumbnail","hentry","category-immobiliare-monaco"],"acf":[],"yoast_head":"<!-- This site is optimized with the Yoast SEO plugin v24.5 - https:\/\/yoast.com\/wordpress\/plugins\/seo\/ -->\n<title>I principali progetti immobiliari a Monaco - Carat Properties<\/title>\n<meta name=\"robots\" content=\"noindex, follow, max-snippet:-1, max-image-preview:large, max-video-preview:-1\" \/>\n<meta property=\"og:locale\" content=\"it_IT\" \/>\n<meta property=\"og:type\" content=\"article\" \/>\n<meta property=\"og:title\" content=\"I principali progetti immobiliari a Monaco - Carat Properties\" \/>\n<meta property=\"og:description\" content=\"5 ambiziosi progetti immobiliari nel Principato.\" \/>\n<meta property=\"og:url\" content=\"https:\/\/www.carat-properties.com\/it\/i-principali-progetti-immobiliari-a-monaco\" \/>\n<meta property=\"og:site_name\" content=\"Carat Properties\" \/>\n<meta property=\"article:published_time\" content=\"2024-04-18T18:25:24+00:00\" \/>\n<meta property=\"article:modified_time\" content=\"2024-04-22T10:58:34+00:00\" \/>\n<meta property=\"og:image\" content=\"https:\/\/www.carat-properties.com\/wp-content\/uploads\/2024\/04\/palais-de-la-plage.jpg\" \/>\n\t<meta property=\"og:image:width\" content=\"350\" \/>\n\t<meta property=\"og:image:height\" content=\"467\" \/>\n\t<meta property=\"og:image:type\" content=\"image\/jpeg\" \/>\n<meta name=\"author\" content=\"cdigital\" \/>\n<meta name=\"twitter:card\" content=\"summary_large_image\" \/>\n<meta name=\"twitter:label1\" content=\"Scritto da\" \/>\n\t<meta name=\"twitter:data1\" content=\"cdigital\" \/>\n\t<meta name=\"twitter:label2\" content=\"Tempo di lettura stimato\" \/>\n\t<meta name=\"twitter:data2\" content=\"3 minuti\" \/>\n<script type=\"application\/ld+json\" class=\"yoast-schema-graph\">{\"@context\":\"https:\/\/schema.org\",\"@graph\":[{\"@type\":\"WebPage\",\"@id\":\"https:\/\/www.carat-properties.com\/it\/i-principali-progetti-immobiliari-a-monaco\",\"url\":\"https:\/\/www.carat-properties.com\/it\/i-principali-progetti-immobiliari-a-monaco\",\"name\":\"I principali progetti immobiliari a Monaco - Carat Properties\",\"isPartOf\":{\"@id\":\"https:\/\/www.carat-properties.com\/it#website\"},\"primaryImageOfPage\":{\"@id\":\"https:\/\/www.carat-properties.com\/it\/i-principali-progetti-immobiliari-a-monaco#primaryimage\"},\"image\":{\"@id\":\"https:\/\/www.carat-properties.com\/it\/i-principali-progetti-immobiliari-a-monaco#primaryimage\"},\"thumbnailUrl\":\"https:\/\/www.carat-properties.com\/wp-content\/uploads\/2024\/04\/palais-de-la-plage.jpg\",\"datePublished\":\"2024-04-18T18:25:24+00:00\",\"dateModified\":\"2024-04-22T10:58:34+00:00\",\"author\":{\"@id\":\"https:\/\/www.carat-properties.com\/it#\/schema\/person\/21e74e5d4845121cfea4829c7a3526ad\"},\"breadcrumb\":{\"@id\":\"https:\/\/www.carat-properties.com\/it\/i-principali-progetti-immobiliari-a-monaco#breadcrumb\"},\"inLanguage\":\"it-IT\",\"potentialAction\":[{\"@type\":\"ReadAction\",\"target\":[\"https:\/\/www.carat-properties.com\/it\/i-principali-progetti-immobiliari-a-monaco\"]}]},{\"@type\":\"ImageObject\",\"inLanguage\":\"it-IT\",\"@id\":\"https:\/\/www.carat-properties.com\/it\/i-principali-progetti-immobiliari-a-monaco#primaryimage\",\"url\":\"https:\/\/www.carat-properties.com\/wp-content\/uploads\/2024\/04\/palais-de-la-plage.jpg\",\"contentUrl\":\"https:\/\/www.carat-properties.com\/wp-content\/uploads\/2024\/04\/palais-de-la-plage.jpg\",\"width\":350,\"height\":467},{\"@type\":\"BreadcrumbList\",\"@id\":\"https:\/\/www.carat-properties.com\/it\/i-principali-progetti-immobiliari-a-monaco#breadcrumb\",\"itemListElement\":[{\"@type\":\"ListItem\",\"position\":1,\"name\":\"Accueil\",\"item\":\"https:\/\/www.carat-properties.com\/it\"},{\"@type\":\"ListItem\",\"position\":2,\"name\":\"I principali progetti immobiliari a Monaco\"}]},{\"@type\":\"WebSite\",\"@id\":\"https:\/\/www.carat-properties.com\/it#website\",\"url\":\"https:\/\/www.carat-properties.com\/it\",\"name\":\"Carat Properties\",\"description\":\"\",\"potentialAction\":[{\"@type\":\"SearchAction\",\"target\":{\"@type\":\"EntryPoint\",\"urlTemplate\":\"https:\/\/www.carat-properties.com\/it?s={search_term_string}\"},\"query-input\":{\"@type\":\"PropertyValueSpecification\",\"valueRequired\":true,\"valueName\":\"search_term_string\"}}],\"inLanguage\":\"it-IT\"},{\"@type\":\"Person\",\"@id\":\"https:\/\/www.carat-properties.com\/it#\/schema\/person\/21e74e5d4845121cfea4829c7a3526ad\",\"name\":\"cdigital\",\"image\":{\"@type\":\"ImageObject\",\"inLanguage\":\"it-IT\",\"@id\":\"https:\/\/www.carat-properties.com\/it#\/schema\/person\/image\/\",\"url\":\"https:\/\/secure.gravatar.com\/avatar\/ba736bb0fffffb44459d3463909a4364364d8200c789e30cf66dabff4db20aa6?s=96&d=mm&r=g\",\"contentUrl\":\"https:\/\/secure.gravatar.com\/avatar\/ba736bb0fffffb44459d3463909a4364364d8200c789e30cf66dabff4db20aa6?s=96&d=mm&r=g\",\"caption\":\"cdigital\"},\"sameAs\":[\"https:\/\/www.carat-properties.com\"]}]}<\/script>\n<!-- \/ Yoast SEO plugin. -->","yoast_head_json":{"title":"I principali progetti immobiliari a Monaco - Carat Properties","robots":{"index":"noindex","follow":"follow","max-snippet":"max-snippet:-1","max-image-preview":"max-image-preview:large","max-video-preview":"max-video-preview:-1"},"og_locale":"it_IT","og_type":"article","og_title":"I principali progetti immobiliari a Monaco - Carat Properties","og_description":"5 ambiziosi progetti immobiliari nel Principato.","og_url":"https:\/\/www.carat-properties.com\/it\/i-principali-progetti-immobiliari-a-monaco","og_site_name":"Carat Properties","article_published_time":"2024-04-18T18:25:24+00:00","article_modified_time":"2024-04-22T10:58:34+00:00","og_image":[{"width":350,"height":467,"url":"https:\/\/www.carat-properties.com\/wp-content\/uploads\/2024\/04\/palais-de-la-plage.jpg","type":"image\/jpeg"}],"author":"cdigital","twitter_card":"summary_large_image","twitter_misc":{"Scritto da":"cdigital","Tempo di lettura stimato":"3 minuti"},"schema":{"@context":"https:\/\/schema.org","@graph":[{"@type":"WebPage","@id":"https:\/\/www.carat-properties.com\/it\/i-principali-progetti-immobiliari-a-monaco","url":"https:\/\/www.carat-properties.com\/it\/i-principali-progetti-immobiliari-a-monaco","name":"I principali progetti immobiliari a Monaco - Carat Properties","isPartOf":{"@id":"https:\/\/www.carat-properties.com\/it#website"},"primaryImageOfPage":{"@id":"https:\/\/www.carat-properties.com\/it\/i-principali-progetti-immobiliari-a-monaco#primaryimage"},"image":{"@id":"https:\/\/www.carat-properties.com\/it\/i-principali-progetti-immobiliari-a-monaco#primaryimage"},"thumbnailUrl":"https:\/\/www.carat-properties.com\/wp-content\/uploads\/2024\/04\/palais-de-la-plage.jpg","datePublished":"2024-04-18T18:25:24+00:00","dateModified":"2024-04-22T10:58:34+00:00","author":{"@id":"https:\/\/www.carat-properties.com\/it#\/schema\/person\/21e74e5d4845121cfea4829c7a3526ad"},"breadcrumb":{"@id":"https:\/\/www.carat-properties.com\/it\/i-principali-progetti-immobiliari-a-monaco#breadcrumb"},"inLanguage":"it-IT","potentialAction":[{"@type":"ReadAction","target":["https:\/\/www.carat-properties.com\/it\/i-principali-progetti-immobiliari-a-monaco"]}]},{"@type":"ImageObject","inLanguage":"it-IT","@id":"https:\/\/www.carat-properties.com\/it\/i-principali-progetti-immobiliari-a-monaco#primaryimage","url":"https:\/\/www.carat-properties.com\/wp-content\/uploads\/2024\/04\/palais-de-la-plage.jpg","contentUrl":"https:\/\/www.carat-properties.com\/wp-content\/uploads\/2024\/04\/palais-de-la-plage.jpg","width":350,"height":467},{"@type":"BreadcrumbList","@id":"https:\/\/www.carat-properties.com\/it\/i-principali-progetti-immobiliari-a-monaco#breadcrumb","itemListElement":[{"@type":"ListItem","position":1,"name":"Accueil","item":"https:\/\/www.carat-properties.com\/it"},{"@type":"ListItem","position":2,"name":"I principali progetti immobiliari a Monaco"}]},{"@type":"WebSite","@id":"https:\/\/www.carat-properties.com\/it#website","url":"https:\/\/www.carat-properties.com\/it","name":"Carat Properties","description":"","potentialAction":[{"@type":"SearchAction","target":{"@type":"EntryPoint","urlTemplate":"https:\/\/www.carat-properties.com\/it?s={search_term_string}"},"query-input":{"@type":"PropertyValueSpecification","valueRequired":true,"valueName":"search_term_string"}}],"inLanguage":"it-IT"},{"@type":"Person","@id":"https:\/\/www.carat-properties.com\/it#\/schema\/person\/21e74e5d4845121cfea4829c7a3526ad","name":"cdigital","image":{"@type":"ImageObject","inLanguage":"it-IT","@id":"https:\/\/www.carat-properties.com\/it#\/schema\/person\/image\/","url":"https:\/\/secure.gravatar.com\/avatar\/ba736bb0fffffb44459d3463909a4364364d8200c789e30cf66dabff4db20aa6?s=96&d=mm&r=g","contentUrl":"https:\/\/secure.gravatar.com\/avatar\/ba736bb0fffffb44459d3463909a4364364d8200c789e30cf66dabff4db20aa6?s=96&d=mm&r=g","caption":"cdigital"},"sameAs":["https:\/\/www.carat-properties.com"]}]}},"_links":{"self":[{"href":"https:\/\/www.carat-properties.com\/it\/wp-json\/wp\/v2\/posts\/2232","targetHints":{"allow":["GET"]}}],"collection":[{"href":"https:\/\/www.carat-properties.com\/it\/wp-json\/wp\/v2\/posts"}],"about":[{"href":"https:\/\/www.carat-properties.com\/it\/wp-json\/wp\/v2\/types\/post"}],"author":[{"embeddable":true,"href":"https:\/\/www.carat-properties.com\/it\/wp-json\/wp\/v2\/users\/1"}],"replies":[{"embeddable":true,"href":"https:\/\/www.carat-properties.com\/it\/wp-json\/wp\/v2\/comments?post=2232"}],"version-history":[{"count":1,"href":"https:\/\/www.carat-properties.com\/it\/wp-json\/wp\/v2\/posts\/2232\/revisions"}],"predecessor-version":[{"id":2233,"href":"https:\/\/www.carat-properties.com\/it\/wp-json\/wp\/v2\/posts\/2232\/revisions\/2233"}],"wp:featuredmedia":[{"embeddable":true,"href":"https:\/\/www.carat-properties.com\/it\/wp-json\/wp\/v2\/media\/2106"}],"wp:attachment":[{"href":"https:\/\/www.carat-properties.com\/it\/wp-json\/wp\/v2\/media?parent=2232"}],"wp:term":[{"taxonomy":"category","embeddable":true,"href":"https:\/\/www.carat-properties.com\/it\/wp-json\/wp\/v2\/categories?post=2232"},{"taxonomy":"post_tag","embeddable":true,"href":"https:\/\/www.carat-properties.com\/it\/wp-json\/wp\/v2\/tags?post=2232"}],"curies":[{"name":"wp","href":"https:\/\/api.w.org\/{rel}","templated":true}]}}