{"id":2236,"date":"2024-04-18T12:38:54","date_gmt":"2024-04-18T10:38:54","guid":{"rendered":"https:\/\/carat-properties-com-stage.jupiter.cdigital.fr\/monaco-in-sintesi"},"modified":"2024-04-22T12:58:45","modified_gmt":"2024-04-22T10:58:45","slug":"monaco-in-sintesi","status":"publish","type":"post","link":"https:\/\/www.carat-properties.com\/it\/monaco-in-sintesi","title":{"rendered":"Monaco in sintesi"},"content":{"rendered":"\n<h2 class=\"wp-block-heading\">IL PRINCIPATO DI MONACO :&#13;\nUNO DEI MIGLIORI POSTI DOVE VIVERE AL MONDO<\/h2>\n\n<h2 class=\"wp-block-heading\"><strong>Un breve richiamo alla Storia.<\/strong><\/h2>\n\n<p>Dopo una storia travagliata nel corso dei secoli, lacerata da dominazioni e invasioni, Monaco diventa uno Stato Sovrano nel 1861. La Monarchia costituzionale \u00e8 finalmente stabilita, l&#8217;indipendenza di Monaco \u00e8 raggiunta.<\/p>\n\n<p>\u00c8 l&#8217;inizio della bella storia di Monaco, quella che ha posto le basi della sua singolarit\u00e0 di fronte al resto del mondo.<\/p>\n\n<p>Con intelligenza, il monarca dell&#8217;epoca, il principe Carlo III, cre\u00f2 i giochi del Casin\u00f2, vietati nei Paesi vicini. Ebbe anche l&#8217;intelligente idea di sviluppare gli alberghi di lusso, il teatro, l&#8217;opera, i balletti, il museo oceanografico. Affidandosi al visionario Fran\u00e7ois Blanc, cre\u00f2 la Soci\u00e9t\u00e9 des Bains de Mer e il Cercle des Etrangers, per accogliere gli aristocratici e le famiglie ricche provenienti soprattutto da Russia, Inghilterra e Francia.<\/p>\n\n<p>\u00c8 anche colui che decise originariamente l&#8217;abolizione di tutte le tasse nel 1869. Questo diede subito un forte impulso alla costruzione che si acceler\u00f2. Da quel momento Monaco sar\u00e0 tra le mete preferite delle ricche famiglie internazionali.<\/p>\n\n<p>Da allora, Monaco non ha mai perso il suo volto cosmopolita. \u00c8 per questo che il Principato di Monaco attrae persone da tutto il mondo e conta tra i suoi residenti 125 nazionalit\u00e0.&#13;\nLontano dal paradiso fiscale a cui il Principato viene spesso ridotto, Monaco \u00e8 uno Stato sovrano che offre ai suoi residenti e cittadini una qualit\u00e0 di vita eccezionale e quasi unica. Situato in riva al Mediterraneo, sulla Costa Azzurra, su una superficie di 2 km quadrati, Monaco ha diverse facce.<\/p>\n\n<p>Nella continuit\u00e0 dei suoi predecessori, Sua Altezza il Principe Alberto II, ha avviato ambiziosi e importanti progetti nell&#8217;industria, nel turismo, nel settore immobiliare, svolgendo le sue azioni nel rispetto dell&#8217;ambiente.<\/p>\n\n<p><\/p>\n\n<h2 class=\"wp-block-heading\"><strong>I diversi distretti<\/strong><\/h2>\n\n<p><span style=\"font-weight: 400;\"><a href=\"#exotique\">Jardin Exotique<\/a> &#8211; <a href=\"#fontvieille\">Fontvieille <\/a>&#8211; <a href=\"#condamine\">La Condamine<\/a> &#8211; Les Moneghetti &#8211; <a href=\"#montecarlo\">Monte-Carlo<\/a> &#8211;\u00a0 <a href=\"#larvotto\">Le Larvotto<\/a> La Rousse.<\/span><\/p>\n<div class=\"wp-block-image\">\n<figure class=\"aligncenter\"><img loading=\"lazy\" decoding=\"async\" width=\"605\" height=\"265\" src=\"https:\/\/www.carat-properties.com\/wp-content\/uploads\/2024\/04\/quartiers_Monaco.png\" alt=\"Quartieri di Monaco\" class=\"wp-image-2029\" srcset=\"https:\/\/www.carat-properties.com\/wp-content\/uploads\/2024\/04\/quartiers_Monaco.png 605w, https:\/\/www.carat-properties.com\/wp-content\/uploads\/2024\/04\/quartiers_Monaco-250x110.png 250w, https:\/\/www.carat-properties.com\/wp-content\/uploads\/2024\/04\/quartiers_Monaco-120x53.png 120w\" sizes=\"auto, (max-width: 605px) 100vw, 605px\" \/><\/figure>\n<\/div>\n<p>La famosa Rocca con il Palazzo Principesco, le affascinanti viuzze, l&#8217;aromatico giardino mediterraneo a picco sul mare, i sublimi H\u00f4tels Particuliers del XIX secolo, dove risiede la maggior parte dei membri della famiglia principesca, la Cattedrale in stile romano-bizantino e il famoso Museo Oceanografico, punto di riflessione internazionale sulla conservazione degli Oceani e delle specie marine del pianeta.<\/p>\n\n<figure class=\"wp-block-image size-full is-resized\"><img loading=\"lazy\" decoding=\"async\" width=\"601\" height=\"351\" src=\"https:\/\/www.carat-properties.com\/wp-content\/uploads\/2024\/04\/Carabiniers.jpg\" alt=\"\" class=\"wp-image-2046\" style=\"width:838px;height:auto\" srcset=\"https:\/\/www.carat-properties.com\/wp-content\/uploads\/2024\/04\/Carabiniers.jpg 601w, https:\/\/www.carat-properties.com\/wp-content\/uploads\/2024\/04\/Carabiniers-250x146.jpg 250w, https:\/\/www.carat-properties.com\/wp-content\/uploads\/2024\/04\/Carabiniers-120x70.jpg 120w\" sizes=\"auto, (max-width: 601px) 100vw, 601px\" \/><figcaption class=\"wp-element-caption\"><em> I Carabinieri<\/em><\/figcaption><\/figure>\n\n<p><\/p>\n\n<h3 class=\"wp-block-heading\" id=\"montecarlo\">Monte-Carlo<\/h3>\n\n<p><strong>Il &#8220;Carr\u00e9 d&#8217;Or<\/strong>&#8221; o <strong>Quartier de<\/strong> &#8220;Monte-Carlo&#8221; \u00e8 il cuore pulsante della citt\u00e0 che concentra edifici prestigiosi, <strong>gli hotel a cinque stelle<\/strong>, come l&#8217;H\u00f4tel de Paris, <strong>il Casin\u00f2<\/strong> e <strong>l&#8217;Opera<\/strong> costruiti da Charles Garnier, i negozi di marchi di lusso e <strong>il Jardin de la Petite Afrique (1893<\/strong>) nato dalla passione di Edouard Andr\u00e9. Di ritorno dalle sue esplorazioni botaniche in Sud America, egli riport\u00f2 a Monaco molte specie della vegetazione tropicale, cercando di creare un&#8217;oasi verde lussureggiante del tutto innovativa per l&#8217;epoca.<\/p>\n\n<figure class=\"wp-block-image size-full\"><img loading=\"lazy\" decoding=\"async\" width=\"609\" height=\"371\" src=\"https:\/\/www.carat-properties.com\/wp-content\/uploads\/2024\/04\/hotel-de-paris.jpg\" alt=\"L'H&#xF4;tel De Paris\" class=\"wp-image-2050\" srcset=\"https:\/\/www.carat-properties.com\/wp-content\/uploads\/2024\/04\/hotel-de-paris.jpg 609w, https:\/\/www.carat-properties.com\/wp-content\/uploads\/2024\/04\/hotel-de-paris-250x152.jpg 250w, https:\/\/www.carat-properties.com\/wp-content\/uploads\/2024\/04\/hotel-de-paris-120x73.jpg 120w\" sizes=\"auto, (max-width: 609px) 100vw, 609px\" \/><figcaption class=\"wp-element-caption\">L&#8217;H\u00f4tel De Paris<\/figcaption><\/figure>\n\n<p><\/p>\n\n<h3 class=\"wp-block-heading\" id=\"larvotto\">Larvotto<\/h3>\n\n<p>Il Larvotto, <strong>che prende il nome dalla principessa Grace<\/strong>, madre di <strong>Alberto II<\/strong>, con i suoi alti edifici in stile contemporaneo che si affacciano sulle spiagge e sulle localit\u00e0 balneari come il Monte-Carlo Beach Club, lo <strong>Sporting d&#8217;Et\u00e9<\/strong> con le <strong>Salles des Etoiles<\/strong> che ospitano ogni anno celebrit\u00e0 e artisti internazionali e il famosissimo Charity Gala de la Croix rouge.<\/p>\n\n<p>Proprio di fronte al Larvotto si sta costruendo la magnifica Extension en Mer, Mareterra.<\/p>\n\n<p><strong>Saint Roman e il Monte &#8211; Carlo Country Club<\/strong> con i suoi campi in terra battuta molto apprezzati dai giocatori internazionali che si sfidano ogni anno durante il Monte-Carlo Rolex Master. \u00c8 anche l&#8217;indirizzo della Torre Odeon, l&#8217;appartamento pi\u00f9 costoso del mondo.<\/p>\n\n<p><span style=\"font-weight: 400;\">\u00a0\u00a0<\/span><\/p>\n\n<div class=\"wp-block-columns is-layout-flex wp-container-core-columns-is-layout-9d6595d7 wp-block-columns-is-layout-flex\">\n<div class=\"wp-block-column is-layout-flow wp-block-column-is-layout-flow\" style=\"flex-basis:25%\">\n<figure class=\"wp-block-image size-full is-resized\"><img loading=\"lazy\" decoding=\"async\" width=\"299\" height=\"399\" src=\"https:\/\/www.carat-properties.com\/wp-content\/uploads\/2024\/04\/petite-afrique1-1.jpg\" alt=\"Giardini della Petite Afrique\" class=\"wp-image-2063\" style=\"width:301px;height:auto\" srcset=\"https:\/\/www.carat-properties.com\/wp-content\/uploads\/2024\/04\/petite-afrique1-1.jpg 299w, https:\/\/www.carat-properties.com\/wp-content\/uploads\/2024\/04\/petite-afrique1-1-250x334.jpg 250w, https:\/\/www.carat-properties.com\/wp-content\/uploads\/2024\/04\/petite-afrique1-1-120x160.jpg 120w\" sizes=\"auto, (max-width: 299px) 100vw, 299px\" \/><figcaption class=\"wp-element-caption\"><em>Giardini della Petite Afrique<\/em><\/figcaption><\/figure>\n<\/div>\n\n\n\n<div class=\"wp-block-column is-layout-flow wp-block-column-is-layout-flow\" style=\"flex-basis:25%\">\n<figure class=\"wp-block-image size-full is-resized\"><img loading=\"lazy\" decoding=\"async\" width=\"297\" height=\"398\" src=\"https:\/\/www.carat-properties.com\/wp-content\/uploads\/2024\/04\/petite-afrique2.jpg\" alt=\"\" class=\"wp-image-2059\" style=\"width:299px;height:auto\" srcset=\"https:\/\/www.carat-properties.com\/wp-content\/uploads\/2024\/04\/petite-afrique2.jpg 297w, https:\/\/www.carat-properties.com\/wp-content\/uploads\/2024\/04\/petite-afrique2-250x335.jpg 250w, https:\/\/www.carat-properties.com\/wp-content\/uploads\/2024\/04\/petite-afrique2-120x161.jpg 120w\" sizes=\"auto, (max-width: 297px) 100vw, 297px\" \/><\/figure>\n<\/div>\n<\/div>\n\n<p><\/p>\n\n<h3 class=\"wp-block-heading\" id=\"condamine\">La Condamine<\/h3>\n\n<p><strong>La Condamine<\/strong> \u00e8 senza dubbio il quartiere pi\u00f9 autentico, dove vive la maggior parte delle famiglie monegasche pi\u00f9 antiche. Una zona piacevole e viva, con i suoi bei negozi, le costruzioni risalenti principalmente al XIX secolo, le strade pedonali, i ristoranti che si affacciano sul <strong>Port Hercule<\/strong>, il mercato mediteraneo e il <strong>Lyc\u00e9e Technique et H\u00f4telier<\/strong> che offre una formazione professionale di alta qualit\u00e0 per il futuro personale alberghiero.<\/p>\n\n<h3 class=\"wp-block-heading\" id=\"exotique\">Il giardino esotico<\/h3>\n\n<p>Situata su una collina, quest&#8217;area offre una vista mozzafiato sul mare dalle terrazze degli edifici. Situato sulla collina laterale, il Giardino Esotico \u00e8 formato da sentieri delimitati da piante originarie del Sud America, del Messico e del Sudafrica. La variet\u00e0 di specie vegetali rende questo giardino un luogo unico, che lascia i visitatori a bocca aperta.<\/p>\n\n<h3 class=\"wp-block-heading\" id=\"fontvieille\"><span style=\"font-weight: 400;\">Fontvieille\u00a0<\/span><\/h3>\n\n<p>Alla ricerca di uno sviluppo economico e di un&#8217;espansione territoriale, il <strong>Principe Ranieri III<\/strong> decide di affrontare una nuova sfida in termini di costruzione nel 1965.<\/p>\n\n<p>Saranno necessari 20 anni di costruzione perch\u00e9 Fontvieille nasca dall&#8217;acqua. Nuovi edifici residenziali, vasti spazi industriali, spazi commerciali stanno aumentando l&#8217;offerta sul mercato immobiliare, con anche un secondo porto e lo Stade Louis II che ospita annualmente eventi sportivi internazionali.<\/p>\n\n<figure class=\"wp-block-image size-full\"><img loading=\"lazy\" decoding=\"async\" width=\"605\" height=\"453\" src=\"https:\/\/www.carat-properties.com\/wp-content\/uploads\/2024\/04\/Port-fontvielle.jpg\" alt=\"Porto di Fontvieille\" class=\"wp-image-2072\" srcset=\"https:\/\/www.carat-properties.com\/wp-content\/uploads\/2024\/04\/Port-fontvielle.jpg 605w, https:\/\/www.carat-properties.com\/wp-content\/uploads\/2024\/04\/Port-fontvielle-250x187.jpg 250w, https:\/\/www.carat-properties.com\/wp-content\/uploads\/2024\/04\/Port-fontvielle-120x90.jpg 120w\" sizes=\"auto, (max-width: 605px) 100vw, 605px\" \/><figcaption class=\"wp-element-caption\"><em>Porto di Fontvieille<\/em><\/figcaption><\/figure>\n\n<p><\/p>\n\n<p><\/p>\n","protected":false},"excerpt":{"rendered":"<p>Perch\u00e9 Monaco \u00e8 uno dei luoghi migliori in cui vivere al mondo<\/p>\n","protected":false},"author":1,"featured_media":2024,"comment_status":"open","ping_status":"open","sticky":false,"template":"","format":"standard","meta":{"_acf_changed":false,"footnotes":""},"categories":[364,365],"tags":[],"class_list":["post-2236","post","type-post","status-publish","format-standard","has-post-thumbnail","hentry","category-immobiliare-monaco","category-life-business-it"],"acf":[],"yoast_head":"<!-- This site is optimized with the Yoast SEO plugin v24.5 - https:\/\/yoast.com\/wordpress\/plugins\/seo\/ -->\n<title>Monaco in sintesi - Carat Properties<\/title>\n<meta name=\"robots\" content=\"noindex, follow, max-snippet:-1, max-image-preview:large, max-video-preview:-1\" \/>\n<meta property=\"og:locale\" content=\"it_IT\" \/>\n<meta property=\"og:type\" content=\"article\" \/>\n<meta property=\"og:title\" content=\"Monaco in sintesi - Carat Properties\" \/>\n<meta property=\"og:description\" content=\"Perch\u00e9 Monaco \u00e8 uno dei luoghi migliori in cui vivere al mondo\" \/>\n<meta property=\"og:url\" content=\"https:\/\/www.carat-properties.com\/it\/monaco-in-sintesi\" \/>\n<meta property=\"og:site_name\" content=\"Carat Properties\" \/>\n<meta property=\"article:published_time\" content=\"2024-04-18T10:38:54+00:00\" \/>\n<meta property=\"article:modified_time\" content=\"2024-04-22T10:58:45+00:00\" \/>\n<meta property=\"og:image\" content=\"https:\/\/www.carat-properties.com\/wp-content\/uploads\/2024\/04\/the-prinicipality-of-monaco.jpg\" \/>\n\t<meta property=\"og:image:width\" content=\"792\" \/>\n\t<meta property=\"og:image:height\" content=\"529\" \/>\n\t<meta property=\"og:image:type\" content=\"image\/jpeg\" \/>\n<meta name=\"author\" content=\"cdigital\" \/>\n<meta name=\"twitter:card\" content=\"summary_large_image\" \/>\n<meta name=\"twitter:label1\" content=\"Scritto da\" \/>\n\t<meta name=\"twitter:data1\" content=\"cdigital\" \/>\n\t<meta name=\"twitter:label2\" content=\"Tempo di lettura stimato\" \/>\n\t<meta name=\"twitter:data2\" content=\"4 minuti\" \/>\n<script type=\"application\/ld+json\" class=\"yoast-schema-graph\">{\"@context\":\"https:\/\/schema.org\",\"@graph\":[{\"@type\":\"WebPage\",\"@id\":\"https:\/\/www.carat-properties.com\/it\/monaco-in-sintesi\",\"url\":\"https:\/\/www.carat-properties.com\/it\/monaco-in-sintesi\",\"name\":\"Monaco in sintesi - Carat Properties\",\"isPartOf\":{\"@id\":\"https:\/\/www.carat-properties.com\/it#website\"},\"primaryImageOfPage\":{\"@id\":\"https:\/\/www.carat-properties.com\/it\/monaco-in-sintesi#primaryimage\"},\"image\":{\"@id\":\"https:\/\/www.carat-properties.com\/it\/monaco-in-sintesi#primaryimage\"},\"thumbnailUrl\":\"https:\/\/www.carat-properties.com\/wp-content\/uploads\/2024\/04\/the-prinicipality-of-monaco.jpg\",\"datePublished\":\"2024-04-18T10:38:54+00:00\",\"dateModified\":\"2024-04-22T10:58:45+00:00\",\"author\":{\"@id\":\"https:\/\/www.carat-properties.com\/it#\/schema\/person\/21e74e5d4845121cfea4829c7a3526ad\"},\"breadcrumb\":{\"@id\":\"https:\/\/www.carat-properties.com\/it\/monaco-in-sintesi#breadcrumb\"},\"inLanguage\":\"it-IT\",\"potentialAction\":[{\"@type\":\"ReadAction\",\"target\":[\"https:\/\/www.carat-properties.com\/it\/monaco-in-sintesi\"]}]},{\"@type\":\"ImageObject\",\"inLanguage\":\"it-IT\",\"@id\":\"https:\/\/www.carat-properties.com\/it\/monaco-in-sintesi#primaryimage\",\"url\":\"https:\/\/www.carat-properties.com\/wp-content\/uploads\/2024\/04\/the-prinicipality-of-monaco.jpg\",\"contentUrl\":\"https:\/\/www.carat-properties.com\/wp-content\/uploads\/2024\/04\/the-prinicipality-of-monaco.jpg\",\"width\":792,\"height\":529,\"caption\":\"the Principality of Monaco\"},{\"@type\":\"BreadcrumbList\",\"@id\":\"https:\/\/www.carat-properties.com\/it\/monaco-in-sintesi#breadcrumb\",\"itemListElement\":[{\"@type\":\"ListItem\",\"position\":1,\"name\":\"Accueil\",\"item\":\"https:\/\/www.carat-properties.com\/it\"},{\"@type\":\"ListItem\",\"position\":2,\"name\":\"Monaco in sintesi\"}]},{\"@type\":\"WebSite\",\"@id\":\"https:\/\/www.carat-properties.com\/it#website\",\"url\":\"https:\/\/www.carat-properties.com\/it\",\"name\":\"Carat Properties\",\"description\":\"\",\"potentialAction\":[{\"@type\":\"SearchAction\",\"target\":{\"@type\":\"EntryPoint\",\"urlTemplate\":\"https:\/\/www.carat-properties.com\/it?s={search_term_string}\"},\"query-input\":{\"@type\":\"PropertyValueSpecification\",\"valueRequired\":true,\"valueName\":\"search_term_string\"}}],\"inLanguage\":\"it-IT\"},{\"@type\":\"Person\",\"@id\":\"https:\/\/www.carat-properties.com\/it#\/schema\/person\/21e74e5d4845121cfea4829c7a3526ad\",\"name\":\"cdigital\",\"image\":{\"@type\":\"ImageObject\",\"inLanguage\":\"it-IT\",\"@id\":\"https:\/\/www.carat-properties.com\/it#\/schema\/person\/image\/\",\"url\":\"https:\/\/secure.gravatar.com\/avatar\/ba736bb0fffffb44459d3463909a4364364d8200c789e30cf66dabff4db20aa6?s=96&d=mm&r=g\",\"contentUrl\":\"https:\/\/secure.gravatar.com\/avatar\/ba736bb0fffffb44459d3463909a4364364d8200c789e30cf66dabff4db20aa6?s=96&d=mm&r=g\",\"caption\":\"cdigital\"},\"sameAs\":[\"https:\/\/www.carat-properties.com\"]}]}<\/script>\n<!-- \/ Yoast SEO plugin. -->","yoast_head_json":{"title":"Monaco in sintesi - Carat Properties","robots":{"index":"noindex","follow":"follow","max-snippet":"max-snippet:-1","max-image-preview":"max-image-preview:large","max-video-preview":"max-video-preview:-1"},"og_locale":"it_IT","og_type":"article","og_title":"Monaco in sintesi - Carat Properties","og_description":"Perch\u00e9 Monaco \u00e8 uno dei luoghi migliori in cui vivere al mondo","og_url":"https:\/\/www.carat-properties.com\/it\/monaco-in-sintesi","og_site_name":"Carat Properties","article_published_time":"2024-04-18T10:38:54+00:00","article_modified_time":"2024-04-22T10:58:45+00:00","og_image":[{"width":792,"height":529,"url":"https:\/\/www.carat-properties.com\/wp-content\/uploads\/2024\/04\/the-prinicipality-of-monaco.jpg","type":"image\/jpeg"}],"author":"cdigital","twitter_card":"summary_large_image","twitter_misc":{"Scritto da":"cdigital","Tempo di lettura stimato":"4 minuti"},"schema":{"@context":"https:\/\/schema.org","@graph":[{"@type":"WebPage","@id":"https:\/\/www.carat-properties.com\/it\/monaco-in-sintesi","url":"https:\/\/www.carat-properties.com\/it\/monaco-in-sintesi","name":"Monaco in sintesi - Carat Properties","isPartOf":{"@id":"https:\/\/www.carat-properties.com\/it#website"},"primaryImageOfPage":{"@id":"https:\/\/www.carat-properties.com\/it\/monaco-in-sintesi#primaryimage"},"image":{"@id":"https:\/\/www.carat-properties.com\/it\/monaco-in-sintesi#primaryimage"},"thumbnailUrl":"https:\/\/www.carat-properties.com\/wp-content\/uploads\/2024\/04\/the-prinicipality-of-monaco.jpg","datePublished":"2024-04-18T10:38:54+00:00","dateModified":"2024-04-22T10:58:45+00:00","author":{"@id":"https:\/\/www.carat-properties.com\/it#\/schema\/person\/21e74e5d4845121cfea4829c7a3526ad"},"breadcrumb":{"@id":"https:\/\/www.carat-properties.com\/it\/monaco-in-sintesi#breadcrumb"},"inLanguage":"it-IT","potentialAction":[{"@type":"ReadAction","target":["https:\/\/www.carat-properties.com\/it\/monaco-in-sintesi"]}]},{"@type":"ImageObject","inLanguage":"it-IT","@id":"https:\/\/www.carat-properties.com\/it\/monaco-in-sintesi#primaryimage","url":"https:\/\/www.carat-properties.com\/wp-content\/uploads\/2024\/04\/the-prinicipality-of-monaco.jpg","contentUrl":"https:\/\/www.carat-properties.com\/wp-content\/uploads\/2024\/04\/the-prinicipality-of-monaco.jpg","width":792,"height":529,"caption":"the Principality of Monaco"},{"@type":"BreadcrumbList","@id":"https:\/\/www.carat-properties.com\/it\/monaco-in-sintesi#breadcrumb","itemListElement":[{"@type":"ListItem","position":1,"name":"Accueil","item":"https:\/\/www.carat-properties.com\/it"},{"@type":"ListItem","position":2,"name":"Monaco in sintesi"}]},{"@type":"WebSite","@id":"https:\/\/www.carat-properties.com\/it#website","url":"https:\/\/www.carat-properties.com\/it","name":"Carat Properties","description":"","potentialAction":[{"@type":"SearchAction","target":{"@type":"EntryPoint","urlTemplate":"https:\/\/www.carat-properties.com\/it?s={search_term_string}"},"query-input":{"@type":"PropertyValueSpecification","valueRequired":true,"valueName":"search_term_string"}}],"inLanguage":"it-IT"},{"@type":"Person","@id":"https:\/\/www.carat-properties.com\/it#\/schema\/person\/21e74e5d4845121cfea4829c7a3526ad","name":"cdigital","image":{"@type":"ImageObject","inLanguage":"it-IT","@id":"https:\/\/www.carat-properties.com\/it#\/schema\/person\/image\/","url":"https:\/\/secure.gravatar.com\/avatar\/ba736bb0fffffb44459d3463909a4364364d8200c789e30cf66dabff4db20aa6?s=96&d=mm&r=g","contentUrl":"https:\/\/secure.gravatar.com\/avatar\/ba736bb0fffffb44459d3463909a4364364d8200c789e30cf66dabff4db20aa6?s=96&d=mm&r=g","caption":"cdigital"},"sameAs":["https:\/\/www.carat-properties.com"]}]}},"_links":{"self":[{"href":"https:\/\/www.carat-properties.com\/it\/wp-json\/wp\/v2\/posts\/2236","targetHints":{"allow":["GET"]}}],"collection":[{"href":"https:\/\/www.carat-properties.com\/it\/wp-json\/wp\/v2\/posts"}],"about":[{"href":"https:\/\/www.carat-properties.com\/it\/wp-json\/wp\/v2\/types\/post"}],"author":[{"embeddable":true,"href":"https:\/\/www.carat-properties.com\/it\/wp-json\/wp\/v2\/users\/1"}],"replies":[{"embeddable":true,"href":"https:\/\/www.carat-properties.com\/it\/wp-json\/wp\/v2\/comments?post=2236"}],"version-history":[{"count":1,"href":"https:\/\/www.carat-properties.com\/it\/wp-json\/wp\/v2\/posts\/2236\/revisions"}],"predecessor-version":[{"id":2237,"href":"https:\/\/www.carat-properties.com\/it\/wp-json\/wp\/v2\/posts\/2236\/revisions\/2237"}],"wp:featuredmedia":[{"embeddable":true,"href":"https:\/\/www.carat-properties.com\/it\/wp-json\/wp\/v2\/media\/2024"}],"wp:attachment":[{"href":"https:\/\/www.carat-properties.com\/it\/wp-json\/wp\/v2\/media?parent=2236"}],"wp:term":[{"taxonomy":"category","embeddable":true,"href":"https:\/\/www.carat-properties.com\/it\/wp-json\/wp\/v2\/categories?post=2236"},{"taxonomy":"post_tag","embeddable":true,"href":"https:\/\/www.carat-properties.com\/it\/wp-json\/wp\/v2\/tags?post=2236"}],"curies":[{"name":"wp","href":"https:\/\/api.w.org\/{rel}","templated":true}]}}